{"id":4708,"date":"2026-06-01T20:22:31","date_gmt":"2026-06-01T23:22:31","guid":{"rendered":"https:\/\/bricsbrasil.com.br\/?p=4708"},"modified":"2026-06-01T21:30:42","modified_gmt":"2026-06-02T00:30:42","slug":"byd-invites-joao-vitor-de-paiva-to-visit-china","status":"publish","type":"post","link":"https:\/\/bricsbrasil.com.br\/en\/byd-invites-joao-vitor-de-paiva-to-visit-china\/","title":{"rendered":"BYD invites Jo\u00e3o Vitor de Paiva to visit China"},"content":{"rendered":"<h2><strong><span style=\"color: #33cccc;\">After getting his driver&#8217;s license and buying a brand-new car with his own earnings, one of the leading voices for the inclusion of people with Down syndrome prepares for an immersion in the Asian country.<\/span><\/strong><\/h2>\n<p>The story of Jo\u00e3o Vitor de Paiva Bittencourt is filled with achievements. He became a <strong>phenomenon<\/strong>, establishing himself as <strong>one of the most powerful voices in Brazil<\/strong> in defending the rights of people with Down syndrome (T21) and combating ableism.<\/p>\n<p>I met Jo\u00e3o Vitor during the production of \u201cBuddies and the Heir&#8221; (<a href=\"https:\/\/www.instagram.com\/colegaseoherdeiro\/\" target=\"_blank\" rel=\"noopener\"><em>Colegas e o Herdeiro<\/em><\/a>), a feature film that will soon premiere in theaters and in which he is <strong>one of the protagonists<\/strong>. I am an associate producer of the movie and had the opportunity to work directly with him during script studies, in rehearsals and behind the scenes. I am a fan and a witness to his extraordinary journey.<\/p>\n<p>One of Jo\u00e3o Vitor&#8217;s recent updates is his trip to China at the invitation of BYD: \u201c<a href=\"https:\/\/www.instagram.com\/p\/DWKSKr3iSLb\/\" target=\"_blank\" rel=\"noopener\">BYD believed in this story and now I am going to see all of this up close<\/a>\u201d, he celebrated in a video posted on Instagram. \u201cI bought my first car, a shiny new BYD, with money from my lectures, projects and digital work\u201d, he shared. He also gifted another BYD to his mother, psychologist M\u00e1rcia Regina.<\/p>\n<p>A pioneer, he was also the <a href=\"https:\/\/expresso360.com.br\/joao-vitor-se-torna-primeiro-condutor-com-sindrome-de-down-habilitado-em-goias-e-reforca-atuacao-pela-inclusao\/\" target=\"_blank\" rel=\"noopener\">first person with Down syndrome to obtain a National Driver&#8217;s License (CNH) in the state of Goias<\/a>.<\/p>\n<p><strong><a href=\"https:\/\/bricsbrasil.com.br\/wp-content\/uploads\/2026\/05\/Captura-de-Tela-2026-05-31-as-20.00.22.png\"><img fetchpriority=\"high\" decoding=\"async\" class=\"aligncenter wp-image-4677 size-medium\" src=\"https:\/\/bricsbrasil.com.br\/wp-content\/uploads\/2026\/05\/Captura-de-Tela-2026-05-31-as-20.00.22-e1780272810429-500x390.png\" alt=\"\" width=\"500\" height=\"390\" srcset=\"https:\/\/bricsbrasil.com.br\/wp-content\/uploads\/2026\/05\/Captura-de-Tela-2026-05-31-as-20.00.22-e1780272810429-500x390.png 500w, https:\/\/bricsbrasil.com.br\/wp-content\/uploads\/2026\/05\/Captura-de-Tela-2026-05-31-as-20.00.22-e1780272810429-300x234.png 300w, https:\/\/bricsbrasil.com.br\/wp-content\/uploads\/2026\/05\/Captura-de-Tela-2026-05-31-as-20.00.22-e1780272810429-96x75.png 96w, https:\/\/bricsbrasil.com.br\/wp-content\/uploads\/2026\/05\/Captura-de-Tela-2026-05-31-as-20.00.22-e1780272810429-480x374.png 480w, https:\/\/bricsbrasil.com.br\/wp-content\/uploads\/2026\/05\/Captura-de-Tela-2026-05-31-as-20.00.22-e1780272810429.png 504w\" sizes=\"(max-width:767px) 480px, 500px\" \/><\/a><\/strong><\/p>\n<h3><strong><span style=\"color: #008080;\">Who is Jo\u00e3o Vitor de Paiva<\/span><\/strong><\/h3>\n<p>\ud83d\udce2 <strong> Digital influencer and activist:<\/strong> Jo\u00e3o uses his social media platforms to be an active voice in the fight for inclusion and against prejudice and ableism. Currently, he has over 1.1 million followers across <a href=\"https:\/\/www.instagram.com\/jvdepaiva\/\" target=\"_blank\" rel=\"noopener\"> Instagram<\/a> and <a href=\"https:\/\/www.tiktok.com\/discover\/joao-vitor-de-paiva\" target=\"_blank\" rel=\"noopener\">TikTok<\/a>.<\/p>\n<p>\ud83c\udfc6 <strong>Two-time iBest Award winner:<\/strong> Elected by popular vote as the <a href=\"https:\/\/www.gov.br\/esporte\/pt-br\/noticias-e-conteudos\/esporte\/jovem-com-sindrome-de-down-inspira-outras-pessoas-a-lutar-pela-inclusao-social\" target=\"_blank\" rel=\"noopener\">Best Digital Influencer of 2024 in Brazil under the <em>Diversity and Inclusion<\/em> category<\/a>. One year later, he repeated the feat and <a href=\"https:\/\/aredacao.com.br\/minha-mae-me-ensinou-a-voar-diz-joao-vitor-ao-receber-o-ibest-pela-segunda-vez\/\" target=\"_blank\" rel=\"noopener\">won again in the 2025 edition<\/a>, establishing his position as the top national reference in the field.<\/p>\n<div class=\"n6owBd awi2gc\" data-sfc-cp=\"\" data-sfc-root=\"c\" data-sfc-cb=\"\" data-hveid=\"CAAIBRAA\" data-processed=\"true\" data-complete=\"true\" data-copy-service-computed-style=\"font-family: &quot;Google Sans&quot;, &quot;Helvetica Neue&quot;, sans-serif; font-size: 16px; font-weight: 400; margin: 12px 0px 16px; text-decoration: none; border-bottom-width: 0px; border-bottom-style: none; border-bottom-color: rgb(10, 10, 10);\">\n<div id=\"attachment_4650\" style=\"width: 510px\" class=\"wp-caption aligncenter\"><a href=\"https:\/\/bricsbrasil.com.br\/wp-content\/uploads\/2026\/05\/Joao-Vitor-de-Paiva-iBest-2025.jpg\"><img decoding=\"async\" aria-describedby=\"caption-attachment-4650\" class=\"wp-image-4650 size-medium\" src=\"https:\/\/bricsbrasil.com.br\/wp-content\/uploads\/2026\/05\/Joao-Vitor-de-Paiva-iBest-2025-500x334.jpg\" alt=\"\" width=\"500\" height=\"334\" srcset=\"https:\/\/bricsbrasil.com.br\/wp-content\/uploads\/2026\/05\/Joao-Vitor-de-Paiva-iBest-2025-500x334.jpg 500w, https:\/\/bricsbrasil.com.br\/wp-content\/uploads\/2026\/05\/Joao-Vitor-de-Paiva-iBest-2025-300x200.jpg 300w, https:\/\/bricsbrasil.com.br\/wp-content\/uploads\/2026\/05\/Joao-Vitor-de-Paiva-iBest-2025-768x513.jpg 768w, https:\/\/bricsbrasil.com.br\/wp-content\/uploads\/2026\/05\/Joao-Vitor-de-Paiva-iBest-2025-112x75.jpg 112w, https:\/\/bricsbrasil.com.br\/wp-content\/uploads\/2026\/05\/Joao-Vitor-de-Paiva-iBest-2025-480x321.jpg 480w, https:\/\/bricsbrasil.com.br\/wp-content\/uploads\/2026\/05\/Joao-Vitor-de-Paiva-iBest-2025.jpg 1024w\" sizes=\"(max-width:767px) 480px, 500px\" \/><\/a><p id=\"caption-attachment-4650\" class=\"wp-caption-text\"><em><span style=\"color: #999999;\">Two-time iBest winner in the \u201cDiversity and Inclusion\u201d category<\/span><\/em><\/p><\/div>\n<p>\ud83c\udf93 <strong>Historic academic background:<\/strong> He became the <a href=\"https:\/\/www.pucgoias.edu.br\/noticias\/joao-vitor-primeiro-estudante-com-sindrome-de-down-cola-grau\/\" target=\"_blank\" rel=\"noopener\">first student with Down syndrome to graduate with a degree in Physical Education from PUC Goi\u00e1s<\/a> (Pontifical Catholic University of Goias).<\/p>\n<\/div>\n<p>\ud83d\udcda <strong>Scientific thesis:<\/strong> He dedicated his final graduation thesis to the topic \u201cResistance Training and Down Syndrome\u201d, addressing the benefits of strength training for the quality of life of people with T21.<\/p>\n<div id=\"attachment_4698\" style=\"width: 510px\" class=\"wp-caption aligncenter\"><a href=\"https:\/\/bricsbrasil.com.br\/wp-content\/uploads\/2026\/06\/Formatura-de-Joao-Vitor-de-Paiva-PUC-Goias-scaled.jpeg\"><img decoding=\"async\" aria-describedby=\"caption-attachment-4698\" class=\"wp-image-4698 size-medium\" src=\"https:\/\/bricsbrasil.com.br\/wp-content\/uploads\/2026\/06\/Formatura-de-Joao-Vitor-de-Paiva-PUC-Goias-500x400.jpeg\" alt=\"\" width=\"500\" height=\"400\" srcset=\"https:\/\/bricsbrasil.com.br\/wp-content\/uploads\/2026\/06\/Formatura-de-Joao-Vitor-de-Paiva-PUC-Goias-500x400.jpeg 500w, https:\/\/bricsbrasil.com.br\/wp-content\/uploads\/2026\/06\/Formatura-de-Joao-Vitor-de-Paiva-PUC-Goias-1200x960.jpeg 1200w, https:\/\/bricsbrasil.com.br\/wp-content\/uploads\/2026\/06\/Formatura-de-Joao-Vitor-de-Paiva-PUC-Goias-300x240.jpeg 300w, https:\/\/bricsbrasil.com.br\/wp-content\/uploads\/2026\/06\/Formatura-de-Joao-Vitor-de-Paiva-PUC-Goias-768x615.jpeg 768w, https:\/\/bricsbrasil.com.br\/wp-content\/uploads\/2026\/06\/Formatura-de-Joao-Vitor-de-Paiva-PUC-Goias-1536x1229.jpeg 1536w, https:\/\/bricsbrasil.com.br\/wp-content\/uploads\/2026\/06\/Formatura-de-Joao-Vitor-de-Paiva-PUC-Goias-2048x1639.jpeg 2048w, https:\/\/bricsbrasil.com.br\/wp-content\/uploads\/2026\/06\/Formatura-de-Joao-Vitor-de-Paiva-PUC-Goias-94x75.jpeg 94w, https:\/\/bricsbrasil.com.br\/wp-content\/uploads\/2026\/06\/Formatura-de-Joao-Vitor-de-Paiva-PUC-Goias-480x384.jpeg 480w\" sizes=\"(max-width:767px) 480px, 500px\" \/><\/a><p id=\"caption-attachment-4698\" class=\"wp-caption-text\"><span style=\"color: #999999;\"><em>Physical Education degree successfully completed<\/em><\/span><\/p><\/div>\n<p>\ud83c\udf0d <strong>UNICEF Advisor:<\/strong> He was appointed as the <a href=\"https:\/\/g1.globo.com\/jornal-hoje\/noticia\/2023\/10\/11\/estudante-brasileiro-se-torna-o-primeiro-com-jovem-sindrome-de-down-a-integrar-o-conselho-da-unicef.ghtml\" target=\"_blank\" rel=\"noopener\">first young advisor with T21 for UNICEF Brazil<\/a>, where he actively works to defend the rights of children and youth with disabilities.<\/p>\n<p>\ud83c\udfac <strong>Movie star:<\/strong> He is one of the protagonists of the feature film \u201cBuddies and the Heir&#8221; (<em>Colegas e o Herdeiro<\/em>), directed by <a href=\"https:\/\/www.imdb.com\/pt\/name\/nm2337991\/\" target=\"_blank\" rel=\"noopener\">filmmaker Marcelo Galv\u00e3o<\/a>. The movie is a fun adventure that will premiere in theaters across Brazil on August 13, 2026.<\/p>\n<div id=\"attachment_4684\" style=\"width: 510px\" class=\"wp-caption aligncenter\"><a href=\"https:\/\/bricsbrasil.com.br\/wp-content\/uploads\/2026\/05\/Colegas-2-no-aeroporto.png\"><img loading=\"lazy\" decoding=\"async\" aria-describedby=\"caption-attachment-4684\" class=\"wp-image-4684 size-medium\" src=\"https:\/\/bricsbrasil.com.br\/wp-content\/uploads\/2026\/05\/Colegas-2-no-aeroporto-500x374.png\" alt=\"\" width=\"500\" height=\"374\" srcset=\"https:\/\/bricsbrasil.com.br\/wp-content\/uploads\/2026\/05\/Colegas-2-no-aeroporto-500x374.png 500w, https:\/\/bricsbrasil.com.br\/wp-content\/uploads\/2026\/05\/Colegas-2-no-aeroporto-300x225.png 300w, https:\/\/bricsbrasil.com.br\/wp-content\/uploads\/2026\/05\/Colegas-2-no-aeroporto-100x75.png 100w, https:\/\/bricsbrasil.com.br\/wp-content\/uploads\/2026\/05\/Colegas-2-no-aeroporto-480x359.png 480w, https:\/\/bricsbrasil.com.br\/wp-content\/uploads\/2026\/05\/Colegas-2-no-aeroporto.png 752w\" sizes=\"(max-width:767px) 480px, 500px\" \/><\/a><p id=\"caption-attachment-4684\" class=\"wp-caption-text\"><span style=\"color: #999999;\"><em>Jo\u00e3o Vitor behind the scenes of the feature film &#8220;Buddies and the Heir&#8221;<\/em><\/span><\/p><\/div>\n<p>\ud83c\udfad <strong>Artistic career:<\/strong> He acted in the SBT soap opera \u201c<em>E agora, quem vai ficar com a mam\u00e3e?<\/em>\u201d and participated in other film projects.<\/p>\n<p>\ud83d\udde3\ufe0f <strong>Speaker and TEDx Speaker: <\/strong>In his events, Jo\u00e3o highlights the importance of early stimulation, family and inclusive education, while also provoking reflections on prejudice, ignorance, ableism and social barriers.<\/p>\n<div id=\"attachment_4669\" style=\"width: 496px\" class=\"wp-caption aligncenter\"><a href=\"https:\/\/bricsbrasil.com.br\/wp-content\/uploads\/2026\/05\/Joao-Vitor-de-Paiva-TEDx.png\"><img loading=\"lazy\" decoding=\"async\" aria-describedby=\"caption-attachment-4669\" class=\"wp-image-4669 size-full\" src=\"https:\/\/bricsbrasil.com.br\/wp-content\/uploads\/2026\/05\/Joao-Vitor-de-Paiva-TEDx.png\" alt=\"\" width=\"486\" height=\"466\" srcset=\"https:\/\/bricsbrasil.com.br\/wp-content\/uploads\/2026\/05\/Joao-Vitor-de-Paiva-TEDx.png 486w, https:\/\/bricsbrasil.com.br\/wp-content\/uploads\/2026\/05\/Joao-Vitor-de-Paiva-TEDx-300x288.png 300w, https:\/\/bricsbrasil.com.br\/wp-content\/uploads\/2026\/05\/Joao-Vitor-de-Paiva-TEDx-78x75.png 78w, https:\/\/bricsbrasil.com.br\/wp-content\/uploads\/2026\/05\/Joao-Vitor-de-Paiva-TEDx-480x460.png 480w\" sizes=\"(max-width:767px) 480px, 486px\" \/><\/a><p id=\"caption-attachment-4669\" class=\"wp-caption-text\"><span style=\"color: #999999;\"><em>Speaker at the TEDx event<\/em><\/span><\/p><\/div>\n<h3><strong><span style=\"color: #008080;\">Interview with Jo\u00e3o Vitor: \u201cInclusion transforms lives\u201d<\/span><\/strong><\/h3>\n<h5><strong>How did this opportunity with BYD to visit China come about? What went through your mind when you got the invitation?<\/strong><\/h5>\n<p>It all came down to my history with BYD and<a href=\"https:\/\/www.instagram.com\/p\/DWg9nFHj-43\/\" target=\"_blank\" rel=\"noopener\"> getting my driver&#8217;s license<\/a>. They followed my entire journey with so much affection. When the invitation came in, I was incredibly happy and deeply moved. Visiting China has always been a huge dream of mine.<\/p>\n<div id=\"attachment_4654\" style=\"width: 182px\" class=\"wp-caption alignright\"><a href=\"https:\/\/www.instagram.com\/p\/DYhql_-Nhq8\/\"><img loading=\"lazy\" decoding=\"async\" aria-describedby=\"caption-attachment-4654\" class=\"wp-image-4654 size-thumbnail\" src=\"https:\/\/bricsbrasil.com.br\/wp-content\/uploads\/2026\/05\/Joao-Vitor-dirigindo-172x300.png\" alt=\"\" width=\"172\" height=\"300\" srcset=\"https:\/\/bricsbrasil.com.br\/wp-content\/uploads\/2026\/05\/Joao-Vitor-dirigindo-172x300.png 172w, https:\/\/bricsbrasil.com.br\/wp-content\/uploads\/2026\/05\/Joao-Vitor-dirigindo-286x500.png 286w, https:\/\/bricsbrasil.com.br\/wp-content\/uploads\/2026\/05\/Joao-Vitor-dirigindo-43x75.png 43w, https:\/\/bricsbrasil.com.br\/wp-content\/uploads\/2026\/05\/Joao-Vitor-dirigindo.png 357w\" sizes=\"(max-width:767px) 172px, 172px\" \/><\/a><p id=\"caption-attachment-4654\" class=\"wp-caption-text\"><span style=\"color: #999999;\"><em>Scene of Jo\u00e3o Vitor taking his girlfriend Rafa Fonta for a drive in his BYD. <a href=\"https:\/\/www.instagram.com\/p\/DYhql_-Nhq8\/\" target=\"_blank\" rel=\"noopener\">Click<\/a> to check out the video on his Instagram.<\/em><\/span><\/p><\/div>\n<h5><strong>You bought your first car \u2014 a BYD \u2014 with your own money. How is the experience of driving the vehicle and gaining your independence?<\/strong><\/h5>\n<p>Buying my first car with my own money was a massive milestone for me. After that, I got my driver&#8217;s license. And I gave a brand-new car to my mother. I am very happy driving my BYD and living with more independence every day. It is a feeling of freedom and responsibility.<\/p>\n<h5><strong>When are you scheduled to take off?<\/strong><\/h5>\n<p>The trip is set for the coming months. We are currently mapping out the entire itinerary to make it something truly special.<\/p>\n<h5><strong>What are your main plans for the itinerary?<\/strong> <strong>What places do you plan to visit?<\/strong><\/h5>\n<p>I want to tour the BYD factory, immerse myself in Chinese culture, visit the major landmarks and just live this experience to the fullest. It is going to be a unique learning opportunity.<\/p>\n<h5><strong>What does it mean to you to represent Brazil and the cause of inclusion in China?<\/strong><\/h5>\n<p>Representing Brazil and the inclusion movement in China is a massive honor. I want to show the world that people with Down syndrome can make their mark &#8211; that we can achieve our dreams and inspire others to do the same.<\/p>\n<h5><strong>Beyond the China trip, what other professional projects do you have on the horizon?<\/strong><\/h5>\n<p>I have new film projects coming up, advertising campaigns and a lot of work ahead in inclusion and tourism areas. I am very excited about everything that lies ahead.<\/p>\n<h5 data-path-to-node=\"32\"><b data-path-to-node=\"32\" data-index-in-node=\"0\">What are your expectations for the release of \u201cBuddies and the Heir\u201d?<\/b><\/h5>\n<p data-path-to-node=\"33\">The expectations for the premiere of \u201cBuddies and the Heir&#8221; (trailer below) are sky-high. This movie is incredibly special to me and I am sure the audience is going to fall in love with it.<\/p>\n<h5 data-path-to-node=\"34\"><b data-path-to-node=\"34\" data-index-in-node=\"0\">You are living proof that inclusion is not only possible but transformative. With so many achievements in your history, what message would you like to share with everyone?<\/b><\/h5>\n<p data-path-to-node=\"35\">I never gave up on my dreams. If there is one thing I want people to take away from my story, it is to believe in themselves. When you have the right opportunities, support and dedication, absolutely anything is possible. Inclusion transforms lives.<\/p>\n<p><iframe title=\"Colegas e o Herdeiro | Trailer Oficial \" width=\"1220\" height=\"686\" src=\"https:\/\/www.youtube.com\/embed\/ceOilC14SSc?feature=oembed\" frameborder=\"0\" allow=\"accelerometer; autoplay; clipboard-write; encrypted-media; gyroscope; picture-in-picture; web-share\" referrerpolicy=\"strict-origin-when-cross-origin\" allowfullscreen><\/iframe><\/p>\n","protected":false},"excerpt":{"rendered":"<p>After getting his driver&#8217;s license and a new car, a leading voice for Down syndrome inclusion prepares for an immersive experience  in the Asian country.<\/p>\n","protected":false},"author":3,"featured_media":4692,"comment_status":"open","ping_status":"open","sticky":false,"template":"","format":"standard","meta":{"footnotes":""},"categories":[61],"tags":[],"class_list":["post-4708","post","type-post","status-publish","format-standard","has-post-thumbnail","hentry","category-culture-en"],"aioseo_notices":[],"aioseo_head":"\n\t\t<!-- All in One SEO 5.0.1.1 - aioseo.com -->\n\t<meta name=\"description\" content=\"After getting his driver&#039;s license and a new car, a leading voice for Down syndrome inclusion prepares for an immersive experience in the Asian country.\" \/>\n\t<meta name=\"robots\" content=\"max-image-preview:large\" \/>\n\t<meta name=\"author\" content=\"Aleksandra Zakartchouk\"\/>\n\t<meta name=\"google-site-verification\" content=\"mtxbeVeYSnSTCdUoAqCTxM-l_LKPoVHgTALKkCK0ez0\" \/>\n\t<link rel=\"canonical\" href=\"https:\/\/bricsbrasil.com.br\/en\/byd-invites-joao-vitor-de-paiva-to-visit-china\/\" \/>\n\t<meta name=\"generator\" content=\"All in One SEO (AIOSEO) 5.0.1.1\" \/>\n\t\t<meta property=\"og:locale\" content=\"en_US\" \/>\n\t\t<meta property=\"og:site_name\" content=\"BRICS Brasil - Site independente de not\u00edcias e an\u00e1lises sobre o BRICS+\" \/>\n\t\t<meta property=\"og:type\" content=\"article\" \/>\n\t\t<meta property=\"og:title\" content=\"BYD invites Jo\u00e3o Vitor de Paiva to visit China - BRICS Brasil\" \/>\n\t\t<meta property=\"og:description\" content=\"After getting his driver&#039;s license and a new car, a leading voice for Down syndrome inclusion prepares for an immersive experience in the Asian country.\" \/>\n\t\t<meta property=\"og:url\" content=\"https:\/\/bricsbrasil.com.br\/en\/byd-invites-joao-vitor-de-paiva-to-visit-china\/\" \/>\n\t\t<meta property=\"og:image\" content=\"https:\/\/bricsbrasil.com.br\/wp-content\/uploads\/2026\/05\/BRICS-Brasil.jpg\" \/>\n\t\t<meta property=\"og:image:secure_url\" content=\"https:\/\/bricsbrasil.com.br\/wp-content\/uploads\/2026\/05\/BRICS-Brasil.jpg\" \/>\n\t\t<meta property=\"og:image:width\" content=\"1300\" \/>\n\t\t<meta property=\"og:image:height\" content=\"800\" \/>\n\t\t<meta property=\"article:published_time\" content=\"2026-06-01T23:22:31+00:00\" \/>\n\t\t<meta property=\"article:modified_time\" content=\"2026-06-02T00:30:42+00:00\" \/>\n\t\t<meta name=\"twitter:card\" content=\"summary_large_image\" \/>\n\t\t<meta name=\"twitter:site\" content=\"@sitebricsbrasil\" \/>\n\t\t<meta name=\"twitter:title\" content=\"BYD invites Jo\u00e3o Vitor de Paiva to visit China - BRICS Brasil\" \/>\n\t\t<meta name=\"twitter:description\" content=\"After getting his driver&#039;s license and a new car, a leading voice for Down syndrome inclusion prepares for an immersive experience in the Asian country.\" \/>\n\t\t<meta name=\"twitter:creator\" content=\"@sitebricsbrasil\" \/>\n\t\t<meta name=\"twitter:image\" content=\"https:\/\/bricsbrasil.com.br\/wp-content\/uploads\/2026\/05\/BRICS-Brasil.jpg\" \/>\n\t\t<script type=\"application\/ld+json\" class=\"aioseo-schema\">\n\t\t\t{\"@context\":\"https:\\\/\\\/schema.org\",\"@graph\":[{\"@type\":\"BlogPosting\",\"@id\":\"https:\\\/\\\/bricsbrasil.com.br\\\/en\\\/byd-invites-joao-vitor-de-paiva-to-visit-china\\\/#blogposting\",\"name\":\"BYD invites Jo\\u00e3o Vitor de Paiva to visit China - BRICS Brasil\",\"headline\":\"BYD invites Jo\\u00e3o Vitor de Paiva to visit China\",\"author\":{\"@id\":\"https:\\\/\\\/bricsbrasil.com.br\\\/en\\\/author\\\/aleksandra\\\/#author\"},\"publisher\":{\"@id\":\"https:\\\/\\\/bricsbrasil.com.br\\\/en\\\/#organization\"},\"image\":{\"@type\":\"ImageObject\",\"url\":\"https:\\\/\\\/bricsbrasil.com.br\\\/wp-content\\\/uploads\\\/2026\\\/05\\\/BRICS-Brasil.jpg\",\"width\":1300,\"height\":800},\"datePublished\":\"2026-06-01T20:22:31-03:00\",\"dateModified\":\"2026-06-01T21:30:42-03:00\",\"inLanguage\":\"en-US\",\"mainEntityOfPage\":{\"@id\":\"https:\\\/\\\/bricsbrasil.com.br\\\/en\\\/byd-invites-joao-vitor-de-paiva-to-visit-china\\\/#webpage\"},\"isPartOf\":{\"@id\":\"https:\\\/\\\/bricsbrasil.com.br\\\/en\\\/byd-invites-joao-vitor-de-paiva-to-visit-china\\\/#webpage\"},\"articleSection\":\"Culture, Opcional\"},{\"@type\":\"BreadcrumbList\",\"@id\":\"https:\\\/\\\/bricsbrasil.com.br\\\/en\\\/byd-invites-joao-vitor-de-paiva-to-visit-china\\\/#breadcrumblist\",\"itemListElement\":[{\"@type\":\"ListItem\",\"@id\":\"https:\\\/\\\/bricsbrasil.com.br\\\/en\\\/#listItem\",\"position\":1,\"name\":\"Home\",\"item\":\"https:\\\/\\\/bricsbrasil.com.br\\\/en\\\/\",\"nextItem\":{\"@type\":\"ListItem\",\"@id\":\"https:\\\/\\\/bricsbrasil.com.br\\\/en\\\/category\\\/culture-en\\\/#listItem\",\"name\":\"Culture\"}},{\"@type\":\"ListItem\",\"@id\":\"https:\\\/\\\/bricsbrasil.com.br\\\/en\\\/category\\\/culture-en\\\/#listItem\",\"position\":2,\"name\":\"Culture\",\"item\":\"https:\\\/\\\/bricsbrasil.com.br\\\/en\\\/category\\\/culture-en\\\/\",\"nextItem\":{\"@type\":\"ListItem\",\"@id\":\"https:\\\/\\\/bricsbrasil.com.br\\\/en\\\/byd-invites-joao-vitor-de-paiva-to-visit-china\\\/#listItem\",\"name\":\"BYD invites Jo\\u00e3o Vitor de Paiva to visit China\"},\"previousItem\":{\"@type\":\"ListItem\",\"@id\":\"https:\\\/\\\/bricsbrasil.com.br\\\/en\\\/#listItem\",\"name\":\"Home\"}},{\"@type\":\"ListItem\",\"@id\":\"https:\\\/\\\/bricsbrasil.com.br\\\/en\\\/byd-invites-joao-vitor-de-paiva-to-visit-china\\\/#listItem\",\"position\":3,\"name\":\"BYD invites Jo\\u00e3o Vitor de Paiva to visit China\",\"previousItem\":{\"@type\":\"ListItem\",\"@id\":\"https:\\\/\\\/bricsbrasil.com.br\\\/en\\\/category\\\/culture-en\\\/#listItem\",\"name\":\"Culture\"}}]},{\"@type\":\"Organization\",\"@id\":\"https:\\\/\\\/bricsbrasil.com.br\\\/en\\\/#organization\",\"name\":\"BRICS Brasil\",\"description\":\"Geoeconomia, neg\\u00f3cios, diplomacia, tecnologia, eventos e cultura. Vamos juntos desbravar novos horizontes pelo mundo multipolar.\",\"url\":\"https:\\\/\\\/bricsbrasil.com.br\\\/en\\\/\",\"foundingDate\":\"2025-07-03\",\"logo\":{\"@type\":\"ImageObject\",\"url\":\"https:\\\/\\\/bricsbrasil.com.br\\\/wp-content\\\/uploads\\\/2025\\\/06\\\/BRICS-Brasil-Logotipo.jpg\",\"@id\":\"https:\\\/\\\/bricsbrasil.com.br\\\/en\\\/byd-invites-joao-vitor-de-paiva-to-visit-china\\\/#organizationLogo\",\"width\":1600,\"height\":635},\"image\":{\"@id\":\"https:\\\/\\\/bricsbrasil.com.br\\\/en\\\/byd-invites-joao-vitor-de-paiva-to-visit-china\\\/#organizationLogo\"},\"sameAs\":[\"https:\\\/\\\/x.com\\\/sitebricsbrasil\",\"https:\\\/\\\/www.instagram.com\\\/bricsbrasiloficial\"]},{\"@type\":\"Person\",\"@id\":\"https:\\\/\\\/bricsbrasil.com.br\\\/en\\\/author\\\/aleksandra\\\/#author\",\"url\":\"https:\\\/\\\/bricsbrasil.com.br\\\/en\\\/author\\\/aleksandra\\\/\",\"name\":\"Aleksandra Zakartchouk\",\"image\":{\"@type\":\"ImageObject\",\"@id\":\"https:\\\/\\\/bricsbrasil.com.br\\\/en\\\/byd-invites-joao-vitor-de-paiva-to-visit-china\\\/#authorImage\",\"url\":\"https:\\\/\\\/bricsbrasil.com.br\\\/wp-content\\\/uploads\\\/2025\\\/06\\\/cropped-Aleksandra-Zakartchouk-BRICS-Brasil-96x96.jpeg\",\"width\":96,\"height\":96,\"caption\":\"Aleksandra Zakartchouk\"}},{\"@type\":\"WebPage\",\"@id\":\"https:\\\/\\\/bricsbrasil.com.br\\\/en\\\/byd-invites-joao-vitor-de-paiva-to-visit-china\\\/#webpage\",\"url\":\"https:\\\/\\\/bricsbrasil.com.br\\\/en\\\/byd-invites-joao-vitor-de-paiva-to-visit-china\\\/\",\"name\":\"BYD invites Jo\\u00e3o Vitor de Paiva to visit China - BRICS Brasil\",\"description\":\"After getting his driver's license and a new car, a leading voice for Down syndrome inclusion prepares for an immersive experience in the Asian country.\",\"inLanguage\":\"en-US\",\"isPartOf\":{\"@id\":\"https:\\\/\\\/bricsbrasil.com.br\\\/en\\\/#website\"},\"breadcrumb\":{\"@id\":\"https:\\\/\\\/bricsbrasil.com.br\\\/en\\\/byd-invites-joao-vitor-de-paiva-to-visit-china\\\/#breadcrumblist\"},\"author\":{\"@id\":\"https:\\\/\\\/bricsbrasil.com.br\\\/en\\\/author\\\/aleksandra\\\/#author\"},\"creator\":{\"@id\":\"https:\\\/\\\/bricsbrasil.com.br\\\/en\\\/author\\\/aleksandra\\\/#author\"},\"image\":{\"@type\":\"ImageObject\",\"url\":\"https:\\\/\\\/bricsbrasil.com.br\\\/wp-content\\\/uploads\\\/2026\\\/05\\\/BRICS-Brasil.jpg\",\"@id\":\"https:\\\/\\\/bricsbrasil.com.br\\\/en\\\/byd-invites-joao-vitor-de-paiva-to-visit-china\\\/#mainImage\",\"width\":1300,\"height\":800},\"primaryImageOfPage\":{\"@id\":\"https:\\\/\\\/bricsbrasil.com.br\\\/en\\\/byd-invites-joao-vitor-de-paiva-to-visit-china\\\/#mainImage\"},\"datePublished\":\"2026-06-01T20:22:31-03:00\",\"dateModified\":\"2026-06-01T21:30:42-03:00\"},{\"@type\":\"WebSite\",\"@id\":\"https:\\\/\\\/bricsbrasil.com.br\\\/en\\\/#website\",\"url\":\"https:\\\/\\\/bricsbrasil.com.br\\\/en\\\/\",\"name\":\"BRICS Brasil\",\"alternateName\":\"Site independente de not\\u00edcias e artigos sobre o BRICS+\",\"description\":\"Site independente de not\\u00edcias e an\\u00e1lises sobre o BRICS+\",\"inLanguage\":\"en-US\",\"publisher\":{\"@id\":\"https:\\\/\\\/bricsbrasil.com.br\\\/en\\\/#organization\"}}]}\n\t\t<\/script>\n\t\t<!-- All in One SEO -->\n\n","aioseo_head_json":{"title":"BYD invites Jo\u00e3o Vitor de Paiva to visit China - BRICS Brasil","description":"After getting his driver's license and a new car, a leading voice for Down syndrome inclusion prepares for an immersive experience in the Asian country.","canonical_url":"https:\/\/bricsbrasil.com.br\/en\/byd-invites-joao-vitor-de-paiva-to-visit-china\/","robots":"max-image-preview:large","keywords":"","webmasterTools":{"google-site-verification":"mtxbeVeYSnSTCdUoAqCTxM-l_LKPoVHgTALKkCK0ez0","miscellaneous":""},"schema":{"@context":"https:\/\/schema.org","@graph":[{"@type":"BlogPosting","@id":"https:\/\/bricsbrasil.com.br\/en\/byd-invites-joao-vitor-de-paiva-to-visit-china\/#blogposting","name":"BYD invites Jo\u00e3o Vitor de Paiva to visit China - BRICS Brasil","headline":"BYD invites Jo\u00e3o Vitor de Paiva to visit China","author":{"@id":"https:\/\/bricsbrasil.com.br\/en\/author\/aleksandra\/#author"},"publisher":{"@id":"https:\/\/bricsbrasil.com.br\/en\/#organization"},"image":{"@type":"ImageObject","url":"https:\/\/bricsbrasil.com.br\/wp-content\/uploads\/2026\/05\/BRICS-Brasil.jpg","width":1300,"height":800},"datePublished":"2026-06-01T20:22:31-03:00","dateModified":"2026-06-01T21:30:42-03:00","inLanguage":"en-US","mainEntityOfPage":{"@id":"https:\/\/bricsbrasil.com.br\/en\/byd-invites-joao-vitor-de-paiva-to-visit-china\/#webpage"},"isPartOf":{"@id":"https:\/\/bricsbrasil.com.br\/en\/byd-invites-joao-vitor-de-paiva-to-visit-china\/#webpage"},"articleSection":"Culture, Opcional"},{"@type":"BreadcrumbList","@id":"https:\/\/bricsbrasil.com.br\/en\/byd-invites-joao-vitor-de-paiva-to-visit-china\/#breadcrumblist","itemListElement":[{"@type":"ListItem","@id":"https:\/\/bricsbrasil.com.br\/en\/#listItem","position":1,"name":"Home","item":"https:\/\/bricsbrasil.com.br\/en\/","nextItem":{"@type":"ListItem","@id":"https:\/\/bricsbrasil.com.br\/en\/category\/culture-en\/#listItem","name":"Culture"}},{"@type":"ListItem","@id":"https:\/\/bricsbrasil.com.br\/en\/category\/culture-en\/#listItem","position":2,"name":"Culture","item":"https:\/\/bricsbrasil.com.br\/en\/category\/culture-en\/","nextItem":{"@type":"ListItem","@id":"https:\/\/bricsbrasil.com.br\/en\/byd-invites-joao-vitor-de-paiva-to-visit-china\/#listItem","name":"BYD invites Jo\u00e3o Vitor de Paiva to visit China"},"previousItem":{"@type":"ListItem","@id":"https:\/\/bricsbrasil.com.br\/en\/#listItem","name":"Home"}},{"@type":"ListItem","@id":"https:\/\/bricsbrasil.com.br\/en\/byd-invites-joao-vitor-de-paiva-to-visit-china\/#listItem","position":3,"name":"BYD invites Jo\u00e3o Vitor de Paiva to visit China","previousItem":{"@type":"ListItem","@id":"https:\/\/bricsbrasil.com.br\/en\/category\/culture-en\/#listItem","name":"Culture"}}]},{"@type":"Organization","@id":"https:\/\/bricsbrasil.com.br\/en\/#organization","name":"BRICS Brasil","description":"Geoeconomia, neg\u00f3cios, diplomacia, tecnologia, eventos e cultura. Vamos juntos desbravar novos horizontes pelo mundo multipolar.","url":"https:\/\/bricsbrasil.com.br\/en\/","foundingDate":"2025-07-03","logo":{"@type":"ImageObject","url":"https:\/\/bricsbrasil.com.br\/wp-content\/uploads\/2025\/06\/BRICS-Brasil-Logotipo.jpg","@id":"https:\/\/bricsbrasil.com.br\/en\/byd-invites-joao-vitor-de-paiva-to-visit-china\/#organizationLogo","width":1600,"height":635},"image":{"@id":"https:\/\/bricsbrasil.com.br\/en\/byd-invites-joao-vitor-de-paiva-to-visit-china\/#organizationLogo"},"sameAs":["https:\/\/x.com\/sitebricsbrasil","https:\/\/www.instagram.com\/bricsbrasiloficial"]},{"@type":"Person","@id":"https:\/\/bricsbrasil.com.br\/en\/author\/aleksandra\/#author","url":"https:\/\/bricsbrasil.com.br\/en\/author\/aleksandra\/","name":"Aleksandra Zakartchouk","image":{"@type":"ImageObject","@id":"https:\/\/bricsbrasil.com.br\/en\/byd-invites-joao-vitor-de-paiva-to-visit-china\/#authorImage","url":"https:\/\/bricsbrasil.com.br\/wp-content\/uploads\/2025\/06\/cropped-Aleksandra-Zakartchouk-BRICS-Brasil-96x96.jpeg","width":96,"height":96,"caption":"Aleksandra Zakartchouk"}},{"@type":"WebPage","@id":"https:\/\/bricsbrasil.com.br\/en\/byd-invites-joao-vitor-de-paiva-to-visit-china\/#webpage","url":"https:\/\/bricsbrasil.com.br\/en\/byd-invites-joao-vitor-de-paiva-to-visit-china\/","name":"BYD invites Jo\u00e3o Vitor de Paiva to visit China - BRICS Brasil","description":"After getting his driver's license and a new car, a leading voice for Down syndrome inclusion prepares for an immersive experience in the Asian country.","inLanguage":"en-US","isPartOf":{"@id":"https:\/\/bricsbrasil.com.br\/en\/#website"},"breadcrumb":{"@id":"https:\/\/bricsbrasil.com.br\/en\/byd-invites-joao-vitor-de-paiva-to-visit-china\/#breadcrumblist"},"author":{"@id":"https:\/\/bricsbrasil.com.br\/en\/author\/aleksandra\/#author"},"creator":{"@id":"https:\/\/bricsbrasil.com.br\/en\/author\/aleksandra\/#author"},"image":{"@type":"ImageObject","url":"https:\/\/bricsbrasil.com.br\/wp-content\/uploads\/2026\/05\/BRICS-Brasil.jpg","@id":"https:\/\/bricsbrasil.com.br\/en\/byd-invites-joao-vitor-de-paiva-to-visit-china\/#mainImage","width":1300,"height":800},"primaryImageOfPage":{"@id":"https:\/\/bricsbrasil.com.br\/en\/byd-invites-joao-vitor-de-paiva-to-visit-china\/#mainImage"},"datePublished":"2026-06-01T20:22:31-03:00","dateModified":"2026-06-01T21:30:42-03:00"},{"@type":"WebSite","@id":"https:\/\/bricsbrasil.com.br\/en\/#website","url":"https:\/\/bricsbrasil.com.br\/en\/","name":"BRICS Brasil","alternateName":"Site independente de not\u00edcias e artigos sobre o BRICS+","description":"Site independente de not\u00edcias e an\u00e1lises sobre o BRICS+","inLanguage":"en-US","publisher":{"@id":"https:\/\/bricsbrasil.com.br\/en\/#organization"}}]},"og:locale":"en_US","og:site_name":"BRICS Brasil - Site independente de not\u00edcias e an\u00e1lises sobre o BRICS+","og:type":"article","og:title":"BYD invites Jo\u00e3o Vitor de Paiva to visit China - BRICS Brasil","og:description":"After getting his driver's license and a new car, a leading voice for Down syndrome inclusion prepares for an immersive experience in the Asian country.","og:url":"https:\/\/bricsbrasil.com.br\/en\/byd-invites-joao-vitor-de-paiva-to-visit-china\/","og:image":"https:\/\/bricsbrasil.com.br\/wp-content\/uploads\/2026\/05\/BRICS-Brasil.jpg","og:image:secure_url":"https:\/\/bricsbrasil.com.br\/wp-content\/uploads\/2026\/05\/BRICS-Brasil.jpg","og:image:width":1300,"og:image:height":800,"article:published_time":"2026-06-01T23:22:31+00:00","article:modified_time":"2026-06-02T00:30:42+00:00","twitter:card":"summary_large_image","twitter:site":"@sitebricsbrasil","twitter:title":"BYD invites Jo\u00e3o Vitor de Paiva to visit China - BRICS Brasil","twitter:description":"After getting his driver's license and a new car, a leading voice for Down syndrome inclusion prepares for an immersive experience in the Asian country.","twitter:creator":"@sitebricsbrasil","twitter:image":"https:\/\/bricsbrasil.com.br\/wp-content\/uploads\/2026\/05\/BRICS-Brasil.jpg"},"aioseo_meta_data":{"post_id":"4708","title":null,"description":null,"keywords":null,"keyphrases":{"focus":[],"additional":[]},"primary_term":null,"canonical_url":null,"og_title":null,"og_description":null,"og_object_type":"default","og_image_type":"default","og_image_url":null,"og_image_width":null,"og_image_height":null,"og_image_custom_url":null,"og_image_custom_fields":null,"og_video":"","og_custom_url":null,"og_article_section":null,"og_article_tags":null,"twitter_use_og":false,"twitter_card":"default","twitter_image_type":"default","twitter_image_url":null,"twitter_image_custom_url":null,"twitter_image_custom_fields":null,"twitter_title":null,"twitter_description":null,"schema":{"blockGraphs":[],"customGraphs":[],"default":{"data":{"Article":[],"Course":[],"Dataset":[],"FAQPage":[],"Movie":[],"Person":[],"Product":[],"ProductReview":[],"Car":[],"Recipe":[],"Service":[],"SoftwareApplication":[],"WebPage":[]},"graphName":"BlogPosting","isEnabled":true},"graphs":[]},"schema_type":"default","schema_type_options":null,"pillar_content":false,"robots_default":true,"robots_noindex":false,"robots_noarchive":false,"robots_nosnippet":false,"robots_nofollow":false,"robots_noimageindex":false,"robots_noodp":false,"robots_notranslate":false,"robots_max_snippet":"-1","robots_max_videopreview":"-1","robots_max_imagepreview":"large","priority":null,"frequency":"default","local_seo":null,"breadcrumb_settings":null,"limit_modified_date":false,"ai":{"faqs":[],"keyPoints":[],"titles":["Jo\u00e3o Vitor de Paiva: Do Brasil para a China, uma inspiradora jornada de inclus\u00e3o e conquista","Inovador e ativista, Jo\u00e3o Vitor de Paiva conquista sua independ\u00eancia e viaja \u00e0 China com a BYD","Hist\u00f3ria de Jo\u00e3o Vitor: do sonho de dirigir ao convite para visitar a China pela BYD","Jo\u00e3o Vitor de Paiva: uma voz de inclus\u00e3o que conquista o mundo, agora na China","Transformando vidas: Jo\u00e3o Vitor de Paiva leva sua hist\u00f3ria de inclus\u00e3o \u00e0 China"],"descriptions":[],"socialPosts":{"email":[],"linkedin":[],"twitter":[],"facebook":[],"instagram":[]}},"created":"2026-06-01 23:08:33","updated":"2026-09-03 16:55:26","focus_keyword":null,"additional_keywords":null,"truseo_locale":null,"seo_analyzer_scan_date":null},"aioseo_breadcrumb":"<div class=\"aioseo-breadcrumbs\"><span class=\"aioseo-breadcrumb\">\n\t\t\t<a href=\"https:\/\/bricsbrasil.com.br\/en\/\" title=\"Home\">Home<\/a>\n\t\t<\/span><span class=\"aioseo-breadcrumb-separator\">&raquo;<\/span><span class=\"aioseo-breadcrumb\">\n\t\t\t<a href=\"https:\/\/bricsbrasil.com.br\/en\/category\/culture-en\/\" title=\"Culture\">Culture<\/a>\n\t\t<\/span><span class=\"aioseo-breadcrumb-separator\">&raquo;<\/span><span class=\"aioseo-breadcrumb\">\n\t\t\tBYD invites Jo\u00e3o Vitor de Paiva to visit China\n\t\t<\/span><\/div>","aioseo_breadcrumb_json":[{"label":"Home","link":"https:\/\/bricsbrasil.com.br\/en\/"},{"label":"Culture","link":"https:\/\/bricsbrasil.com.br\/en\/category\/culture-en\/"},{"label":"BYD invites Jo\u00e3o Vitor de Paiva to visit China","link":"https:\/\/bricsbrasil.com.br\/en\/byd-invites-joao-vitor-de-paiva-to-visit-china\/"}],"_links":{"self":[{"href":"https:\/\/bricsbrasil.com.br\/en\/wp-json\/wp\/v2\/posts\/4708","targetHints":{"allow":["GET"]}}],"collection":[{"href":"https:\/\/bricsbrasil.com.br\/en\/wp-json\/wp\/v2\/posts"}],"about":[{"href":"https:\/\/bricsbrasil.com.br\/en\/wp-json\/wp\/v2\/types\/post"}],"author":[{"embeddable":true,"href":"https:\/\/bricsbrasil.com.br\/en\/wp-json\/wp\/v2\/users\/3"}],"replies":[{"embeddable":true,"href":"https:\/\/bricsbrasil.com.br\/en\/wp-json\/wp\/v2\/comments?post=4708"}],"version-history":[{"count":9,"href":"https:\/\/bricsbrasil.com.br\/en\/wp-json\/wp\/v2\/posts\/4708\/revisions"}],"predecessor-version":[{"id":4720,"href":"https:\/\/bricsbrasil.com.br\/en\/wp-json\/wp\/v2\/posts\/4708\/revisions\/4720"}],"wp:featuredmedia":[{"embeddable":true,"href":"https:\/\/bricsbrasil.com.br\/en\/wp-json\/wp\/v2\/media\/4692"}],"wp:attachment":[{"href":"https:\/\/bricsbrasil.com.br\/en\/wp-json\/wp\/v2\/media?parent=4708"}],"wp:term":[{"taxonomy":"category","embeddable":true,"href":"https:\/\/bricsbrasil.com.br\/en\/wp-json\/wp\/v2\/categories?post=4708"},{"taxonomy":"post_tag","embeddable":true,"href":"https:\/\/bricsbrasil.com.br\/en\/wp-json\/wp\/v2\/tags?post=4708"}],"curies":[{"name":"wp","href":"https:\/\/api.w.org\/{rel}","templated":true}]}}